{"id":1023,"date":"2021-10-14T20:40:21","date_gmt":"2021-10-14T18:40:21","guid":{"rendered":"https:\/\/apiedinudiasd.it\/public\/?p=1023"},"modified":"2021-10-15T10:02:12","modified_gmt":"2021-10-15T08:02:12","slug":"la-gioia-in-un-piatto","status":"publish","type":"post","link":"https:\/\/apiedinudiasd.it\/public\/la-gioia-in-un-piatto\/","title":{"rendered":"La gioia in un piatto?"},"content":{"rendered":"\n<p><em>di Valentina Lasagni &#8211; graphic designer e food stylist<\/em><\/p>\n\n\n\n<p><strong>Cibo e felicit\u00e0: un legame cerebrale<\/strong><\/p>\n\n\n\n<p>Oggi affrontiamo un argomento che spesso viene sottovalutato da consumatori e nutrizionisti.<\/p>\n\n\n\n<p>Se infatti la Dott.ssa Felice Jacka sostiene che \u201cUna dieta sana e pensata ha un effetto dirompente nel combattere la depressione.\u201d, il professor Charles Spense, capo del Crossmodal Research Laboratory dell\u2019Universit\u00e0 di Oxford afferma che \u201cla gioia che deriva da quello che mangiamo non \u00e8 tanto influenzata da quello che avviene in bocca quanto da tutto il contesto in cui il cibo ci viene servito\u201d quindi\u2026 \u201cQuando si parla di cibo e felicit\u00e0, \u00e8 bene sapere che esiste un rapporto tra ci\u00f2 che accade nel piatto e ci\u00f2 che accade nella nostra testa\u00bb.<br>Queste due affermazioni non si contrappongono, bens\u00ec si completano.<\/p>\n\n\n\n<p>Le cose belle ci sembrano pi\u00f9 buone senza ombra di dubbio. Se infatti abbiamo davanti due piatti di riso, saremo disposti a pagare di pi\u00f9 e troveremo pi\u00f9 gustoso quello con un impiattamento pi\u00f9 curato, con una forma strutturata e con piccole decorazioni che lo valorizzano.<\/p>\n\n\n\n<p>Ci\u00f2 ha fatto riflettere geniali ristoratori che, cogliendo la palla al balzo, hanno trasformato i loro locali in un impero non solo di gusto ma anche di stile personale; luoghi in cui il food stylist \u00e8 diventato un valore fisso del team, necessario tanto quanto lo chef o il commercialista.<\/p>\n\n\n\n<p><strong>Voi direte..ma se gi\u00e0 un cuoco c\u2019\u00e8, perch\u00e9 doversi gravare di ulteriori figure professionali?<\/strong><\/p>\n\n\n\n<p>Il food stylist non fa il cuoco, non fa lo chef. Questo dovrebbe bastare gi\u00e0 come prima riflessione, ma approfondendo meglio, capiamo che il food stylist \u00e8 colui che continua ad aggiornarsi sulle tendenze food, ma anche sul <a href=\"https:\/\/fooddesignthinking.org\" target=\"_blank\" rel=\"noreferrer noopener\">food design thinking<\/a> di cui parleremo nei prossimi articoli, \u00e8 la figura che studier\u00e0 e cercher\u00e0 sempre una nuova chiave di lettura con cui voi potrete proporre piatti che sorprenderanno sempre.<\/p>\n\n\n\n<p>Se alcuni di voi (ristoratori) sono ancora scettici, pensate che a Charles Spense si sono affidati Heston Blumenthal e Ferran Adria oltre che a Charles Michel a Bogot\u00e0.<\/p>\n\n\n\n<p>Capire quanto il suono di una pietanza croccante, o la doratura di un cibo, o il suo colore, possono dare benessere, \u00e8 ci\u00f2 che i grandi (aziende e ristoratori) si sono spinti a comprendere per implementare le loro vendite.<br>Questa connessione psicologica \u00e8 stata utilizzata dall\u2019industria del cibo ed \u00e8 divenuta un\u2019arma molto pericolosa nei confronti della nostra salute quando utilizzata male, soprattutto se pensiamo che il cibo spazzatura (dieta POCO salutare) \u00e8 la prima causa di morte degli uomini e la seconda delle donne nel mondo e che anche nei paesi in via di sviluppo uccide pi\u00f9 della denutrizione\u00bb, dice la dottoressa Jacka, capo del Food and Mood Centre della Deakin University in Australia e presidente dell\u2019 International Society for Nutritional Psychiatry.<br>Tradotto, una patatina o un cibo trattato e preconfezionato, prodotto senza nessun tipo di attenzione a coloranti, grassi e via dicendo, mostra aspetti estremamente accattivanti e attraenti per il nostro cervello: una patatina giallo paprika intenso, una crosta croccante e lucida, un colore vivido e brillante\u2026potrei dilungarmi a non finire.<br>Il nostro cervello si attiva, rilascia salivazione e la nostra mano si allunga verso lo scaffale per acquistare quel delizioso pacchetto di patatine che \u201ccroccher\u00e0\u201d sotto ai nostri denti rilasciando endorfine, ma oltre a queste anche grassi e coloranti artificiali.<br>L\u2019industria alimentare ha giocato molto su questa multisensorialit\u00e0 che permette al cibo di farci provare \u201cpiacere\u201d non solo per il gusto.<\/p>\n\n\n\n<p><strong>Una sana alimentazione o una dieta non sono tristi<\/strong><br>Dal 2000 al 2016, la percentuale di bambini sovrappeso fra i 5 e i 19 anni \u00e8 raddoppiata da 1 su 10 a circa 1 su 5. Nel nostro paese la percentuale di bambini sovrappeso fra i 5 e i 19 anni \u00e8 del 36,8%, con <a href=\"https:\/\/www.repubblica.it\/salute\/medicina-e-ricerca\/2018\/12\/18\/news\/in_europa_1_bimbo_su_3_e_in_sovrappeso_unicef_in_italia_percentuale_adolescenti_obesi_aumentata_3_volte-214528972\/\" target=\"_blank\" rel=\"noreferrer noopener\">un aumento<\/a> del 39,1% rispetto al 1990.<br><em>(fonte www.repubblica.it\/cronaca\/2019\/10\/15\/news\/italia_bambini_obesi_unicef-238581950\/)<\/em><\/p>\n\n\n\n<p>La nostra bella Italia, come del resto il mondo, \u00e8 a dieta. Questa parola non \u00e8 associata al food stylist, ma dovrebbe esserlo.<br>Tutti noi avvicinandoci ad un regime alimentare controllato, ci sentiamo privati di qualche cosa e cadiamo nel baratro della tristezza perdendo voglia di cucinare e sperimentare ai fornelli.<\/p>\n\n\n\n<p>In realt\u00e0 molte delle diete non prevedono l\u2019effetto \u201cfame\u201d bens\u00ec il contrario. Ci\u00f2 che crea tristezza dell&#8217;individuo \u00e8 il mancato \u201cfascino\u201d del piatto che hanno di fronte.<br>Cucinare infatti alimenti con consistenze simili o dall\u2019aspetto banale, ci mette davanti ad una grandissima barriera. Qui entriamo in gioco noi.<\/p>\n\n\n\n<p>Mi occupo come food stylist di consulenze private ormai da qualche anno. La grande difficolt\u00e0 di chi sta a dieta o si avvicina ad un\u2019alimentazione controllata, risiede in due grandi blocchi: la variabilit\u00e0 (in termini di cotture dello stesso alimento) e la presentazione. Se nel primo caso spesso il nutrizionista aiuta, nel secondo subentro io.<\/p>\n\n\n\n<p><strong>Siamo lessi<\/strong><br>Verdure, un grande dilemma. Spesso ci abbattiamo dinanzi ad un broccolo che non riusciamo a vedere se non tagliuzzato e bollito.<br>Ogni alimento ha una sua forma, che pu\u00f2 essere valorizzata o destrutturata. Come un food stylist \u00e8 di aiuto? Nell\u2019insegnare a vedere la bellezza del cibo e la sua grande variabilit\u00e0.<\/p>\n\n\n\n<div class=\"wp-block-image\"><figure class=\"aligncenter size-large is-resized\"><img loading=\"lazy\" src=\"https:\/\/apiedinudiasd.it\/public\/wp-content\/uploads\/2021\/10\/image4-32-1024x1024.jpeg\" alt=\"broccolo romano\" class=\"wp-image-1024\" width=\"512\" height=\"512\"\/><figcaption><em>Broccolo al vapore. Stylist e foto Valentina Lasagni<br><strong>Instagram<\/strong> tinafooddesign<\/em><\/figcaption><\/figure><\/div>\n\n\n\n<p>L\u2019altro giorno mi sono divertita a rivalutare il broccolo romano. La forma e la modularit\u00e0 della sua superficie hanno sempre catturato la mia attenzione. Cos\u00ec ho deciso di cuocerlo intero, al vapore e di decorarlo con fiori di Salvia Ananas e scorze di limone. Il condimento? semplice sale e olio, ma era davvero davvero bello, gustoso e salutare.<\/p>\n\n\n\n<p><strong>DRINK e non solo<\/strong><br>Altra sfida sono stati gli estratti.<br>Estremamente nutrienti, ma se inseriamo alcune verdure tendono al marrone. Come poter variare allora? Trovando il mix giusto, un colore gradevole e decorando con piccole foglie di menta o basilico. Oppure creando un vero e proprio aperitivo analcolico con tanto di bicchiere scelto e location curata\u2026e il vostro bicchiere non sar\u00e0 solo un dovere ma sar\u00e0 un piacere.<\/p>\n\n\n\n<div class=\"wp-block-image\"><figure class=\"aligncenter size-large is-resized\"><img loading=\"lazy\" src=\"https:\/\/apiedinudiasd.it\/public\/wp-content\/uploads\/2021\/10\/image5-34-1024x1024.jpeg\" alt=\"estratti\" class=\"wp-image-1028\" width=\"512\" height=\"512\"\/><figcaption><em>Mocktale. Stylist e foto Valentina Lasagni<\/em><br><strong><em>Instagram<\/em><\/strong> <em>tinafooddesign<\/em><\/figcaption><\/figure><\/div>\n\n\n\n<p><\/p>\n","protected":false},"excerpt":{"rendered":"<p>di Valentina Lasagni &#8211; graphic designer e food stylist Cibo e felicit\u00e0: un legame cerebrale Oggi affrontiamo un argomento che spesso viene sottovalutato da consumatori e nutrizionisti. Se infatti la Dott.ssa Felice Jacka sostiene che \u201cUna dieta sana e pensata ha un effetto dirompente nel combattere la depressione.\u201d, il professor Charles Spense, capo del Crossmodal [&hellip;]<\/p>\n","protected":false},"author":9,"featured_media":1032,"comment_status":"closed","ping_status":"open","sticky":false,"template":"","format":"standard","meta":{"_FSMCFIC_featured_image_caption":"","_FSMCFIC_featured_image_nocaption":"","_FSMCFIC_featured_image_hide":""},"categories":[5],"tags":[],"yoast_head":"<!-- This site is optimized with the Yoast SEO plugin v15.5 - https:\/\/yoast.com\/wordpress\/plugins\/seo\/ -->\n<title>La gioia in un piatto? - A Piedi Nudi<\/title>\n<meta name=\"robots\" content=\"index, follow, max-snippet:-1, max-image-preview:large, max-video-preview:-1\" \/>\n<link rel=\"canonical\" href=\"https:\/\/apiedinudiasd.it\/public\/la-gioia-in-un-piatto\/\" \/>\n<meta property=\"og:locale\" content=\"it_IT\" \/>\n<meta property=\"og:type\" content=\"article\" \/>\n<meta property=\"og:title\" content=\"La gioia in un piatto? - A Piedi Nudi\" \/>\n<meta property=\"og:description\" content=\"di Valentina Lasagni &#8211; graphic designer e food stylist Cibo e felicit\u00e0: un legame cerebrale Oggi affrontiamo un argomento che spesso viene sottovalutato da consumatori e nutrizionisti. Se infatti la Dott.ssa Felice Jacka sostiene che \u201cUna dieta sana e pensata ha un effetto dirompente nel combattere la depressione.\u201d, il professor Charles Spense, capo del Crossmodal [&hellip;]\" \/>\n<meta property=\"og:url\" content=\"https:\/\/apiedinudiasd.it\/public\/la-gioia-in-un-piatto\/\" \/>\n<meta property=\"og:site_name\" content=\"A Piedi Nudi\" \/>\n<meta property=\"article:publisher\" content=\"https:\/\/www.facebook.com\/asdapiedinudi\/\" \/>\n<meta property=\"article:published_time\" content=\"2021-10-14T18:40:21+00:00\" \/>\n<meta property=\"article:modified_time\" content=\"2021-10-15T08:02:12+00:00\" \/>\n<meta property=\"og:image\" content=\"https:\/\/apiedinudiasd.it\/public\/wp-content\/uploads\/2021\/10\/6-e1634232768310.jpg\" \/>\n\t<meta property=\"og:image:width\" content=\"575\" \/>\n\t<meta property=\"og:image:height\" content=\"340\" \/>\n<meta name=\"twitter:card\" content=\"summary_large_image\" \/>\n<meta name=\"twitter:label1\" content=\"Tempo di lettura stimato\">\n\t<meta name=\"twitter:data1\" content=\"4 minuti\">\n<script type=\"application\/ld+json\" class=\"yoast-schema-graph\">{\"@context\":\"https:\/\/schema.org\",\"@graph\":[{\"@type\":\"Organization\",\"@id\":\"https:\/\/apiedinudiasd.it\/public\/#organization\",\"name\":\"A Piedi Nudi \\u2013 Associazione Sportiva Dilettantistica e Culturale\",\"url\":\"https:\/\/apiedinudiasd.it\/public\/\",\"sameAs\":[\"https:\/\/www.facebook.com\/asdapiedinudi\/\"],\"logo\":{\"@type\":\"ImageObject\",\"@id\":\"https:\/\/apiedinudiasd.it\/public\/#logo\",\"inLanguage\":\"it-IT\",\"url\":\"https:\/\/apiedinudiasd.it\/public\/wp-content\/uploads\/2019\/10\/apn2.png\",\"width\":453,\"height\":514,\"caption\":\"A Piedi Nudi \\u2013 Associazione Sportiva Dilettantistica e Culturale\"},\"image\":{\"@id\":\"https:\/\/apiedinudiasd.it\/public\/#logo\"}},{\"@type\":\"WebSite\",\"@id\":\"https:\/\/apiedinudiasd.it\/public\/#website\",\"url\":\"https:\/\/apiedinudiasd.it\/public\/\",\"name\":\"A Piedi Nudi - Associazione Sportiva Dilettantistica e Culturale\",\"description\":\"Associazione Sportiva Dilettantistica e Culturale\",\"publisher\":{\"@id\":\"https:\/\/apiedinudiasd.it\/public\/#organization\"},\"potentialAction\":[{\"@type\":\"SearchAction\",\"target\":\"https:\/\/apiedinudiasd.it\/public\/?s={search_term_string}\",\"query-input\":\"required name=search_term_string\"}],\"inLanguage\":\"it-IT\"},{\"@type\":\"ImageObject\",\"@id\":\"https:\/\/apiedinudiasd.it\/public\/la-gioia-in-un-piatto\/#primaryimage\",\"inLanguage\":\"it-IT\",\"url\":\"https:\/\/apiedinudiasd.it\/public\/wp-content\/uploads\/2021\/10\/6-e1634232768310.jpg\",\"width\":575,\"height\":340,\"caption\":\"La gioia in un piatto?\"},{\"@type\":\"WebPage\",\"@id\":\"https:\/\/apiedinudiasd.it\/public\/la-gioia-in-un-piatto\/#webpage\",\"url\":\"https:\/\/apiedinudiasd.it\/public\/la-gioia-in-un-piatto\/\",\"name\":\"La gioia in un piatto? - A Piedi Nudi\",\"isPartOf\":{\"@id\":\"https:\/\/apiedinudiasd.it\/public\/#website\"},\"primaryImageOfPage\":{\"@id\":\"https:\/\/apiedinudiasd.it\/public\/la-gioia-in-un-piatto\/#primaryimage\"},\"datePublished\":\"2021-10-14T18:40:21+00:00\",\"dateModified\":\"2021-10-15T08:02:12+00:00\",\"inLanguage\":\"it-IT\",\"potentialAction\":[{\"@type\":\"ReadAction\",\"target\":[\"https:\/\/apiedinudiasd.it\/public\/la-gioia-in-un-piatto\/\"]}]},{\"@type\":\"Article\",\"@id\":\"https:\/\/apiedinudiasd.it\/public\/la-gioia-in-un-piatto\/#article\",\"isPartOf\":{\"@id\":\"https:\/\/apiedinudiasd.it\/public\/la-gioia-in-un-piatto\/#webpage\"},\"author\":{\"@id\":\"https:\/\/apiedinudiasd.it\/public\/#\/schema\/person\/9aee8c28678accdd25b39df20903a4aa\"},\"headline\":\"La gioia in un piatto?\",\"datePublished\":\"2021-10-14T18:40:21+00:00\",\"dateModified\":\"2021-10-15T08:02:12+00:00\",\"mainEntityOfPage\":{\"@id\":\"https:\/\/apiedinudiasd.it\/public\/la-gioia-in-un-piatto\/#webpage\"},\"publisher\":{\"@id\":\"https:\/\/apiedinudiasd.it\/public\/#organization\"},\"image\":{\"@id\":\"https:\/\/apiedinudiasd.it\/public\/la-gioia-in-un-piatto\/#primaryimage\"},\"articleSection\":\"voci fuori campo\",\"inLanguage\":\"it-IT\"},{\"@type\":\"Person\",\"@id\":\"https:\/\/apiedinudiasd.it\/public\/#\/schema\/person\/9aee8c28678accdd25b39df20903a4aa\",\"name\":\"Valentina Lasagni\",\"image\":{\"@type\":\"ImageObject\",\"@id\":\"https:\/\/apiedinudiasd.it\/public\/#personlogo\",\"inLanguage\":\"it-IT\",\"url\":\"https:\/\/secure.gravatar.com\/avatar\/c181187d66e5af61a553d240c0970508?s=96&d=mm&r=g\",\"caption\":\"Valentina Lasagni\"}}]}<\/script>\n<!-- \/ Yoast SEO plugin. -->","_links":{"self":[{"href":"https:\/\/apiedinudiasd.it\/public\/wp-json\/wp\/v2\/posts\/1023"}],"collection":[{"href":"https:\/\/apiedinudiasd.it\/public\/wp-json\/wp\/v2\/posts"}],"about":[{"href":"https:\/\/apiedinudiasd.it\/public\/wp-json\/wp\/v2\/types\/post"}],"author":[{"embeddable":true,"href":"https:\/\/apiedinudiasd.it\/public\/wp-json\/wp\/v2\/users\/9"}],"replies":[{"embeddable":true,"href":"https:\/\/apiedinudiasd.it\/public\/wp-json\/wp\/v2\/comments?post=1023"}],"version-history":[{"count":6,"href":"https:\/\/apiedinudiasd.it\/public\/wp-json\/wp\/v2\/posts\/1023\/revisions"}],"predecessor-version":[{"id":1070,"href":"https:\/\/apiedinudiasd.it\/public\/wp-json\/wp\/v2\/posts\/1023\/revisions\/1070"}],"wp:featuredmedia":[{"embeddable":true,"href":"https:\/\/apiedinudiasd.it\/public\/wp-json\/wp\/v2\/media\/1032"}],"wp:attachment":[{"href":"https:\/\/apiedinudiasd.it\/public\/wp-json\/wp\/v2\/media?parent=1023"}],"wp:term":[{"taxonomy":"category","embeddable":true,"href":"https:\/\/apiedinudiasd.it\/public\/wp-json\/wp\/v2\/categories?post=1023"},{"taxonomy":"post_tag","embeddable":true,"href":"https:\/\/apiedinudiasd.it\/public\/wp-json\/wp\/v2\/tags?post=1023"}],"curies":[{"name":"wp","href":"https:\/\/api.w.org\/{rel}","templated":true}]}}