{"id":278,"date":"2020-09-28T09:08:35","date_gmt":"2020-09-28T07:08:35","guid":{"rendered":"https:\/\/apiedinudiasd.it\/public\/?p=278"},"modified":"2020-09-28T09:08:36","modified_gmt":"2020-09-28T07:08:36","slug":"cervello-e-movimento-la-relazione-tra-attivita-fisica-e-memoria","status":"publish","type":"post","link":"https:\/\/apiedinudiasd.it\/public\/cervello-e-movimento-la-relazione-tra-attivita-fisica-e-memoria\/","title":{"rendered":"Cervello e Movimento, la relazione tra attivit\u00e0 fisica e memoria"},"content":{"rendered":"\n<p>I benefici che l\u2019attivit\u00e0 fisica genera nel nostro organismo sono innumerevoli e vanno dal rinforzo di muscoli ed articolazioni al miglioramento del tono dell\u2019umore, passando per l\u2019ottimizzazione del metabolismo ed il miglioramento delle prestazioni di cuore e polmoni.<\/p>\n\n\n\n<p>Non sono per\u00f2 altrettanto popolari gli effetti positivi dell\u2019esercizio fisico sulla memoria e sulle capacit\u00e0 cognitive in generale.<\/p>\n\n\n\n<p>Studi pionieristici sui roditori hanno dimostrato come il cervello di animali pi\u00f9 attivi, che ad esempio avevano a disposizione una ruota o un tapis roulant su cui correre, sia diverso rispetto a quello di animali meno attivi. Il cervello degli animali con pi\u00f9 possibilit\u00e0 di muoversi mostra una miglior vascolarizzazione cerebrale, con conseguente miglior apporto di ossigeno, un maggior numero di sinapsi (i punti dove avviene la trasmissione del segnale da un neurone all\u2019altro) e un miglior funzionamento dell\u2019ippocampo, una parte del cervello che svolge un ruolo fondamentale nella formazione della memoria e nel consolidamento delle informazioni apprese in memoria a lungo termine.<\/p>\n\n\n\n<p>I risultati ottenuti dagli studi sui roditori hanno dato la spinta ad indagare gli effetti dell\u2019esercizio fisico nel cervello umano, dagli anni 2000 lo studio degli effetti dell\u2019attivit\u00e0 fisica sulle performance cognitive, come attenzione, memoria e concentrazione \u00e8 aumentato esponenzialmente.<\/p>\n\n\n\n<p>Gi\u00e0 durante l\u2019et\u00e0 scolare e per tutta l\u2019adolescenza bambini e ragazzi che praticano regolarmente attivit\u00e0 motoria hanno un <strong>miglior rendimento scolastico e migliori capacit\u00e0 attentive.<\/strong><\/p>\n\n\n\n<p>In uno studio recente dell\u2019Universit\u00e0 di J\u00f6nk\u00f6ping, in Svezia, \u00e8 stato dimostrato che i giovani adulti anche dopo una singola sessione di attivit\u00e0 aerobica moderata (corsa, camminata o bicicletta) hanno migliori prestazioni nelle capacit\u00e0 di <strong>attenzione, concentrazione, apprendimento e memoria.<\/strong><\/p>\n\n\n\n<p>Dopo i 50 anni di et\u00e0 i benefici ottenuti dalla pratica regolare di attivit\u00e0 fisica, soprattutto di tipo aerobico, sono ancor pi\u00f9 grandi. \u00c8 stato documentato che in adulti sani l\u2019attivit\u00e0 motoria non solo determina un miglioramento delle funzioni esecutive, cognitive e attentive, ma anche una <strong>miglior capacit\u00e0 di ragionamento.<\/strong> Questi benefici sono stati osservati anche in persone con un iniziale deterioramento cognitivo, <strong>la pratica di attivit\u00e0 fisica \u00e8 stata associata ad un ridotto rischio di demenza, cos\u00ec come ad una riduzione del rischio di sviluppare la malattia di Alzheimer.<\/strong> Un gruppo di ricercatori della Fondazione Don Gnocchi ha raccolto 15 tra gli studi pi\u00f9 significativi nel panorama scientifico con complessivamente pi\u00f9 di 33000 partecipanti dimostrando che una maggior quantit\u00e0 di attivit\u00e0 fisica \u00e8 associata alla riduzione del 38% di andare incontro a declino cognitivo. In uno studio successivo dell\u2019Universit\u00e0 di Toronto, \u00e8 stato visto che l\u2019attivit\u00e0 fisica \u00e8 associata ad una riduzione del 40% del rischio di sviluppare la malattia di Alzheimer.<\/p>\n\n\n\n<p>Questi risultati sono supportati da studi fisiologici e di imaging cerebrale. Sono infatti stati messi in relazione con la pratica di attivit\u00e0 fisica una miglior vascolarizzazione cerebrale, un aumento del volume dell\u2019ippocampo, una riduzione dello stress ossidativo e un aumentato rilascio di neurotrasmettitori e fattori neurotrofici, sostanze fondamentali per il consolidamento della memoria a lungo termine.<\/p>\n\n\n\n<p>Concludendo, i benefici che ha una moderata attivit\u00e0 fisica aerobica sul nostro cervello e sulle nostre capacit\u00e0 cognitive sono numerosi. \u00c8 importante dunque riuscire a ritagliarsi del tempo per s\u00e9, per investire sul proprio cervello e sul proprio futuro. Si tratta di un investimento a basso costo e ad alto rendimento, considerando che l\u2019aspettativa di vita si allunga sempre di pi\u00f9 adottare questa strategia preventiva ci pu\u00f2 regalare un maggior numero di anni con una migliore qualit\u00e0 di vita.<\/p>\n\n\n\n<p><strong>BIBLIOGRAFIA<\/strong><\/p>\n\n\n\n<p>Beckett MW, Ardern CI, Rotondi MA. A meta-analysis of prospective studies on the role of physical activity and the prevention of Alzheimer\u2019s disease in older adults. BMC Geriatr. 2015;15:9.<\/p>\n\n\n\n<p>Blomstrand P, Engvall J. Effects of a single exercise workout on memory and learning functions in young adults-A systematic review. Transl Sports Med. 2020;00:1\u201313.<\/p>\n\n\n\n<p>Cooper C, Moon HY, van Praag H. On the Run for Hippocampal Plasticity.&nbsp;Cold Spring Harb Perspect Med. 2018;8(4):a029736.<\/p>\n\n\n\n<p>Erickson KI, Hillman C, Stillman CM, Ballard RM, Bloodgood B, Conroy DE, Macko R, Marquez XD, Petruzzello SJ, and Powell KE. &nbsp;Physical Activity, Cognition, and Brain Outcomes: A Review of the 2018 Physical Activity Guidelines. Med Sci Sports Exerc. 2019 June ; 51(6): 1242\u20131251 Sofi F, Valecchi D, Bacci D, et al. Physical activity and risk of cognitive decline: a meta-analysis of prospective studies. J Intern Med. 2011;269(1):107\u201317.<\/p>\n","protected":false},"excerpt":{"rendered":"<p>I benefici che l\u2019attivit\u00e0 fisica genera nel nostro organismo sono innumerevoli e vanno dal rinforzo di muscoli ed articolazioni al miglioramento del tono dell\u2019umore, passando per l\u2019ottimizzazione del metabolismo ed il miglioramento delle prestazioni di cuore e polmoni. Non sono per\u00f2 altrettanto popolari gli effetti positivi dell\u2019esercizio fisico sulla memoria e sulle capacit\u00e0 cognitive in [&hellip;]<\/p>\n","protected":false},"author":4,"featured_media":262,"comment_status":"closed","ping_status":"open","sticky":false,"template":"","format":"standard","meta":{"_FSMCFIC_featured_image_caption":"","_FSMCFIC_featured_image_nocaption":"","_FSMCFIC_featured_image_hide":""},"categories":[4],"tags":[],"yoast_head":"<!-- This site is optimized with the Yoast SEO plugin v15.5 - https:\/\/yoast.com\/wordpress\/plugins\/seo\/ -->\n<title>Cervello e Movimento, la relazione tra attivit\u00e0 fisica e memoria - A Piedi Nudi<\/title>\n<meta name=\"robots\" content=\"index, follow, max-snippet:-1, max-image-preview:large, max-video-preview:-1\" \/>\n<link rel=\"canonical\" href=\"https:\/\/apiedinudiasd.it\/public\/cervello-e-movimento-la-relazione-tra-attivita-fisica-e-memoria\/\" \/>\n<meta property=\"og:locale\" content=\"it_IT\" \/>\n<meta property=\"og:type\" content=\"article\" \/>\n<meta property=\"og:title\" content=\"Cervello e Movimento, la relazione tra attivit\u00e0 fisica e memoria - A Piedi Nudi\" \/>\n<meta property=\"og:description\" content=\"I benefici che l\u2019attivit\u00e0 fisica genera nel nostro organismo sono innumerevoli e vanno dal rinforzo di muscoli ed articolazioni al miglioramento del tono dell\u2019umore, passando per l\u2019ottimizzazione del metabolismo ed il miglioramento delle prestazioni di cuore e polmoni. Non sono per\u00f2 altrettanto popolari gli effetti positivi dell\u2019esercizio fisico sulla memoria e sulle capacit\u00e0 cognitive in [&hellip;]\" \/>\n<meta property=\"og:url\" content=\"https:\/\/apiedinudiasd.it\/public\/cervello-e-movimento-la-relazione-tra-attivita-fisica-e-memoria\/\" \/>\n<meta property=\"og:site_name\" content=\"A Piedi Nudi\" \/>\n<meta property=\"article:publisher\" content=\"https:\/\/www.facebook.com\/asdapiedinudi\/\" \/>\n<meta property=\"article:published_time\" content=\"2020-09-28T07:08:35+00:00\" \/>\n<meta property=\"article:modified_time\" content=\"2020-09-28T07:08:36+00:00\" \/>\n<meta property=\"og:image\" content=\"https:\/\/apiedinudiasd.it\/public\/wp-content\/uploads\/2020\/09\/losapeviche.png\" \/>\n\t<meta property=\"og:image:width\" content=\"375\" \/>\n\t<meta property=\"og:image:height\" content=\"356\" \/>\n<meta name=\"twitter:card\" content=\"summary_large_image\" \/>\n<meta name=\"twitter:label1\" content=\"Tempo di lettura stimato\">\n\t<meta name=\"twitter:data1\" content=\"3 minuti\">\n<script type=\"application\/ld+json\" class=\"yoast-schema-graph\">{\"@context\":\"https:\/\/schema.org\",\"@graph\":[{\"@type\":\"Organization\",\"@id\":\"https:\/\/apiedinudiasd.it\/public\/#organization\",\"name\":\"A Piedi Nudi \\u2013 Associazione Sportiva Dilettantistica e Culturale\",\"url\":\"https:\/\/apiedinudiasd.it\/public\/\",\"sameAs\":[\"https:\/\/www.facebook.com\/asdapiedinudi\/\"],\"logo\":{\"@type\":\"ImageObject\",\"@id\":\"https:\/\/apiedinudiasd.it\/public\/#logo\",\"inLanguage\":\"it-IT\",\"url\":\"https:\/\/apiedinudiasd.it\/public\/wp-content\/uploads\/2019\/10\/apn2.png\",\"width\":453,\"height\":514,\"caption\":\"A Piedi Nudi \\u2013 Associazione Sportiva Dilettantistica e Culturale\"},\"image\":{\"@id\":\"https:\/\/apiedinudiasd.it\/public\/#logo\"}},{\"@type\":\"WebSite\",\"@id\":\"https:\/\/apiedinudiasd.it\/public\/#website\",\"url\":\"https:\/\/apiedinudiasd.it\/public\/\",\"name\":\"A Piedi Nudi - Associazione Sportiva Dilettantistica e Culturale\",\"description\":\"Associazione Sportiva Dilettantistica e Culturale\",\"publisher\":{\"@id\":\"https:\/\/apiedinudiasd.it\/public\/#organization\"},\"potentialAction\":[{\"@type\":\"SearchAction\",\"target\":\"https:\/\/apiedinudiasd.it\/public\/?s={search_term_string}\",\"query-input\":\"required name=search_term_string\"}],\"inLanguage\":\"it-IT\"},{\"@type\":\"ImageObject\",\"@id\":\"https:\/\/apiedinudiasd.it\/public\/cervello-e-movimento-la-relazione-tra-attivita-fisica-e-memoria\/#primaryimage\",\"inLanguage\":\"it-IT\",\"url\":\"https:\/\/apiedinudiasd.it\/public\/wp-content\/uploads\/2020\/09\/losapeviche.png\",\"width\":375,\"height\":356,\"caption\":\"Cervello e Movimento\"},{\"@type\":\"WebPage\",\"@id\":\"https:\/\/apiedinudiasd.it\/public\/cervello-e-movimento-la-relazione-tra-attivita-fisica-e-memoria\/#webpage\",\"url\":\"https:\/\/apiedinudiasd.it\/public\/cervello-e-movimento-la-relazione-tra-attivita-fisica-e-memoria\/\",\"name\":\"Cervello e Movimento, la relazione tra attivit\\u00e0 fisica e memoria - A Piedi Nudi\",\"isPartOf\":{\"@id\":\"https:\/\/apiedinudiasd.it\/public\/#website\"},\"primaryImageOfPage\":{\"@id\":\"https:\/\/apiedinudiasd.it\/public\/cervello-e-movimento-la-relazione-tra-attivita-fisica-e-memoria\/#primaryimage\"},\"datePublished\":\"2020-09-28T07:08:35+00:00\",\"dateModified\":\"2020-09-28T07:08:36+00:00\",\"inLanguage\":\"it-IT\",\"potentialAction\":[{\"@type\":\"ReadAction\",\"target\":[\"https:\/\/apiedinudiasd.it\/public\/cervello-e-movimento-la-relazione-tra-attivita-fisica-e-memoria\/\"]}]},{\"@type\":\"Article\",\"@id\":\"https:\/\/apiedinudiasd.it\/public\/cervello-e-movimento-la-relazione-tra-attivita-fisica-e-memoria\/#article\",\"isPartOf\":{\"@id\":\"https:\/\/apiedinudiasd.it\/public\/cervello-e-movimento-la-relazione-tra-attivita-fisica-e-memoria\/#webpage\"},\"author\":{\"@id\":\"https:\/\/apiedinudiasd.it\/public\/#\/schema\/person\/db8e1743466d7bc1bc11220d462dc47d\"},\"headline\":\"Cervello e Movimento, la relazione tra attivit\\u00e0 fisica e memoria\",\"datePublished\":\"2020-09-28T07:08:35+00:00\",\"dateModified\":\"2020-09-28T07:08:36+00:00\",\"mainEntityOfPage\":{\"@id\":\"https:\/\/apiedinudiasd.it\/public\/cervello-e-movimento-la-relazione-tra-attivita-fisica-e-memoria\/#webpage\"},\"publisher\":{\"@id\":\"https:\/\/apiedinudiasd.it\/public\/#organization\"},\"image\":{\"@id\":\"https:\/\/apiedinudiasd.it\/public\/cervello-e-movimento-la-relazione-tra-attivita-fisica-e-memoria\/#primaryimage\"},\"articleSection\":\"lo sapevi che ...\",\"inLanguage\":\"it-IT\"},{\"@type\":\"Person\",\"@id\":\"https:\/\/apiedinudiasd.it\/public\/#\/schema\/person\/db8e1743466d7bc1bc11220d462dc47d\",\"name\":\"Beatrice Uguagliati\",\"image\":{\"@type\":\"ImageObject\",\"@id\":\"https:\/\/apiedinudiasd.it\/public\/#personlogo\",\"inLanguage\":\"it-IT\",\"url\":\"https:\/\/secure.gravatar.com\/avatar\/4353da4394e82c7c8bb691c5fab9a7e5?s=96&d=mm&r=g\",\"caption\":\"Beatrice Uguagliati\"}}]}<\/script>\n<!-- \/ Yoast SEO plugin. -->","_links":{"self":[{"href":"https:\/\/apiedinudiasd.it\/public\/wp-json\/wp\/v2\/posts\/278"}],"collection":[{"href":"https:\/\/apiedinudiasd.it\/public\/wp-json\/wp\/v2\/posts"}],"about":[{"href":"https:\/\/apiedinudiasd.it\/public\/wp-json\/wp\/v2\/types\/post"}],"author":[{"embeddable":true,"href":"https:\/\/apiedinudiasd.it\/public\/wp-json\/wp\/v2\/users\/4"}],"replies":[{"embeddable":true,"href":"https:\/\/apiedinudiasd.it\/public\/wp-json\/wp\/v2\/comments?post=278"}],"version-history":[{"count":1,"href":"https:\/\/apiedinudiasd.it\/public\/wp-json\/wp\/v2\/posts\/278\/revisions"}],"predecessor-version":[{"id":279,"href":"https:\/\/apiedinudiasd.it\/public\/wp-json\/wp\/v2\/posts\/278\/revisions\/279"}],"wp:featuredmedia":[{"embeddable":true,"href":"https:\/\/apiedinudiasd.it\/public\/wp-json\/wp\/v2\/media\/262"}],"wp:attachment":[{"href":"https:\/\/apiedinudiasd.it\/public\/wp-json\/wp\/v2\/media?parent=278"}],"wp:term":[{"taxonomy":"category","embeddable":true,"href":"https:\/\/apiedinudiasd.it\/public\/wp-json\/wp\/v2\/categories?post=278"},{"taxonomy":"post_tag","embeddable":true,"href":"https:\/\/apiedinudiasd.it\/public\/wp-json\/wp\/v2\/tags?post=278"}],"curies":[{"name":"wp","href":"https:\/\/api.w.org\/{rel}","templated":true}]}}