{"id":358,"date":"2020-11-10T21:14:33","date_gmt":"2020-11-10T20:14:33","guid":{"rendered":"https:\/\/apiedinudiasd.it\/public\/?p=358"},"modified":"2020-11-10T21:14:35","modified_gmt":"2020-11-10T20:14:35","slug":"donne-geniali-sulla-linea-del-tempo","status":"publish","type":"post","link":"https:\/\/apiedinudiasd.it\/public\/donne-geniali-sulla-linea-del-tempo\/","title":{"rendered":"Donne geniali sulla linea del tempo"},"content":{"rendered":"\n<p><em>Riflessioni personali sul libro di Beatrice Venezi: \u201cLe Sorelle di Mozart\u201d [edito da UTET]<\/em><\/p>\n\n\n\n<p><\/p>\n\n\n\n<p>Beatrice Venezi, <em>direttore<\/em> dell\u2019Orchestra della Toscana e dell\u2019Orchestra Milano Classica che- dal Giappone all\u2019Argentina, dal Libano al Canada- ha animato i teatri di tutto il mondo come esperta del repertorio pucciniano, sull\u2019onda del successo di \u201c<em>Allegro con fuoco<\/em>\u201d del 2019, durante i mesi di lockdown che l\u2019hanno obbligata a mettere a riposo la bacchetta, si \u00e8 dedicata alla scrittura di un nuovo libro dal titolo \u201c<em>Le sorelle di Mozart\u201d<\/em>.<\/p>\n\n\n\n<p>Un saggio dal tema molto specifico ma per nulla accademico, di facile lettura ed appassionante, che riporta alla luce le biografie di donne eccezionali, contestualizzandole nella storia della musica del loro periodo. Donne prodigio, sopra le righe, sfuggite alla fama in quanto <em>donne<\/em> e per ci\u00f2 non definibili, se non in virt\u00f9 del loro esistere accanto a figure maschili che ne hanno oscurato l\u2019immagine ed il ricordo.&nbsp;<\/p>\n\n\n\n<p>Un\u2019operazione meticolosa e di grande precisione quella di Beatrice che non rinuncia al diritto di essere donna di valore degna di nota<em> <\/em>oltre il proprio ruolo, oltre il contesto dato, oltre gli schemi previsti e lo fa attraverso la visibilit\u00e0 delle donne del passato, lasciando cos\u00ec una nuova impronta di s\u00e9, dove dimostra di sapere incidere con il linguaggio della penna, oltre che con quello della bacchetta.&nbsp;<\/p>\n\n\n\n<p>Una scelta senza dubbio appoggiata da una casa editrice capace di navigare il <em>mood<\/em> del <em>pink power<\/em>, dove il nuovo <em>sound <\/em>ritorna con lo sprone alle donne di attivarsi senza paura per prendersi ci\u00f2 che spetta loro, a partire dalle competenze e dal merito, senza cadere nello schema della sopraffazione o del compromesso, in virt\u00f9 dell\u2019essere <em>uniche<\/em> e per ci\u00f2 da menzionare e ricordare.&nbsp;<\/p>\n\n\n\n<p>Una scelta non per questo meno coraggiosa n\u00e9 generosa: una donna di indiscutibili capacit\u00e0, forte di s\u00e9 e di grande influenza che -a soli trent\u2019anni e nel pieno della propria carriera- tramite la narrazione della vita artistica di musiciste geniali, racconta indirettamente di s\u00e9, del proprio percorso e delle proprie difficolt\u00e0 in un mondo ancora prettamente maschile, dove il titolo resta <em>direttore<\/em> indipendentemente dal genere, <em>autorit\u00e0<\/em> ed <em>autorevolezza<\/em> si confondono in forme rigide, abiti dal taglio maschile e rituali rigorosi che lasciano poco spazio a varianti e personalizzazioni femminili.<\/p>\n\n\n\n<p>Spontaneo il parallelismo: una vita artistica originale e poliedrica che danza disinvolta tra classica e pop e che racconta di altre vite altrettanto originali di compositrici innovative, interpreti sublimi, ingiustamente dimenticate dalla storiografia ufficiale.<\/p>\n\n\n\n<p>Una sfilata di donne molto diverse tra loro, per contesto storico, culturale e geografico ma accomunate da talento, intraprendenza e determinazione: donne che -se non fossero state tali- avrebbero probabilmente segnato la storia della musica e della civilt\u00e0.&nbsp;<\/p>\n\n\n\n<p>Una carrellata di nomi e storie femminili raccontate attraverso gli aneddoti della vita pubblica e privata nello scorrere del tempo, dal Medioevo ad oggi. Da Ildegarda di Bingen, devota di Sant\u2019Orsola nell\u2019alto Medioevo, monaca \u201cfuori dal coro\u201d che usava il canto per comunicare con Dio, alle grandi compositrici del Barocco, Maddalena Casulana, Barbara Strozzi, Francesca Caccini, alle figure del Sette-Ottocento come la sorella di Mozart -Nannerl- eccellente compositrice, pianista, insegnante di clavicembalo, la sorella di Mendelssohn -Fanny- prolifica, creativa, instancabile, e Clara, la moglie di Schumann.&nbsp;<\/p>\n\n\n\n<p>Tutte \u201cSorelle di\u201d, \u201cmogli di\u201d, \u201cfiglie di\u201d, mai semplicemente o eccezionalmente loro stesse, in un periodo, quello Romantico, tra i pi\u00f9 oscuri della storia, in cui la donna resta senza volto, senza nome e senza lode, se non in quanto appendice e subalterna alle figure maschili di riferimento.&nbsp;<\/p>\n\n\n\n<p>Secondarie fino a quando Beatrice Venezi non restituisce loro l\u2019identit\u00e0 mancata in quanto donne talentuose, fino ai giorni nostri, quando i loro nomi prendono suono e volto come <em>donne geniali sulla linea del tempo<\/em> che le unisce ai nomi famosi di donne importanti come Maria Callas, Nadia Boulanger, Martha Argerich e Bj\u00f6rk che ne rappresentano la continuit\u00e0 potenziale, storica ed espressiva, verso la speranza per un futuro prossimo caratterizzato da nuove opportunit\u00e0 equamente distribuite.<\/p>\n","protected":false},"excerpt":{"rendered":"<p>Riflessioni personali sul libro di Beatrice Venezi: \u201cLe Sorelle di Mozart\u201d [edito da UTET] Beatrice Venezi, direttore dell\u2019Orchestra della Toscana e dell\u2019Orchestra Milano Classica che- dal Giappone all\u2019Argentina, dal Libano al Canada- ha animato i teatri di tutto il mondo come esperta del repertorio pucciniano, sull\u2019onda del successo di \u201cAllegro con fuoco\u201d del 2019, durante [&hellip;]<\/p>\n","protected":false},"author":2,"featured_media":360,"comment_status":"closed","ping_status":"open","sticky":false,"template":"","format":"standard","meta":{"_FSMCFIC_featured_image_caption":"","_FSMCFIC_featured_image_nocaption":"","_FSMCFIC_featured_image_hide":""},"categories":[4],"tags":[],"yoast_head":"<!-- This site is optimized with the Yoast SEO plugin v15.5 - https:\/\/yoast.com\/wordpress\/plugins\/seo\/ -->\n<title>Donne geniali sulla linea del tempo - A Piedi Nudi<\/title>\n<meta name=\"robots\" content=\"index, follow, max-snippet:-1, max-image-preview:large, max-video-preview:-1\" \/>\n<link rel=\"canonical\" href=\"https:\/\/apiedinudiasd.it\/public\/donne-geniali-sulla-linea-del-tempo\/\" \/>\n<meta property=\"og:locale\" content=\"it_IT\" \/>\n<meta property=\"og:type\" content=\"article\" \/>\n<meta property=\"og:title\" content=\"Donne geniali sulla linea del tempo - A Piedi Nudi\" \/>\n<meta property=\"og:description\" content=\"Riflessioni personali sul libro di Beatrice Venezi: \u201cLe Sorelle di Mozart\u201d [edito da UTET] Beatrice Venezi, direttore dell\u2019Orchestra della Toscana e dell\u2019Orchestra Milano Classica che- dal Giappone all\u2019Argentina, dal Libano al Canada- ha animato i teatri di tutto il mondo come esperta del repertorio pucciniano, sull\u2019onda del successo di \u201cAllegro con fuoco\u201d del 2019, durante [&hellip;]\" \/>\n<meta property=\"og:url\" content=\"https:\/\/apiedinudiasd.it\/public\/donne-geniali-sulla-linea-del-tempo\/\" \/>\n<meta property=\"og:site_name\" content=\"A Piedi Nudi\" \/>\n<meta property=\"article:publisher\" content=\"https:\/\/www.facebook.com\/asdapiedinudi\/\" \/>\n<meta property=\"article:published_time\" content=\"2020-11-10T20:14:33+00:00\" \/>\n<meta property=\"article:modified_time\" content=\"2020-11-10T20:14:35+00:00\" \/>\n<meta property=\"og:image\" content=\"https:\/\/apiedinudiasd.it\/public\/wp-content\/uploads\/2020\/11\/lesorelledimozart_immagini-e1605039211112.png\" \/>\n\t<meta property=\"og:image:width\" content=\"575\" \/>\n\t<meta property=\"og:image:height\" content=\"383\" \/>\n<meta name=\"twitter:card\" content=\"summary_large_image\" \/>\n<meta name=\"twitter:label1\" content=\"Tempo di lettura stimato\">\n\t<meta name=\"twitter:data1\" content=\"3 minuti\">\n<script type=\"application\/ld+json\" class=\"yoast-schema-graph\">{\"@context\":\"https:\/\/schema.org\",\"@graph\":[{\"@type\":\"Organization\",\"@id\":\"https:\/\/apiedinudiasd.it\/public\/#organization\",\"name\":\"A Piedi Nudi \\u2013 Associazione Sportiva Dilettantistica e Culturale\",\"url\":\"https:\/\/apiedinudiasd.it\/public\/\",\"sameAs\":[\"https:\/\/www.facebook.com\/asdapiedinudi\/\"],\"logo\":{\"@type\":\"ImageObject\",\"@id\":\"https:\/\/apiedinudiasd.it\/public\/#logo\",\"inLanguage\":\"it-IT\",\"url\":\"https:\/\/apiedinudiasd.it\/public\/wp-content\/uploads\/2019\/10\/apn2.png\",\"width\":453,\"height\":514,\"caption\":\"A Piedi Nudi \\u2013 Associazione Sportiva Dilettantistica e Culturale\"},\"image\":{\"@id\":\"https:\/\/apiedinudiasd.it\/public\/#logo\"}},{\"@type\":\"WebSite\",\"@id\":\"https:\/\/apiedinudiasd.it\/public\/#website\",\"url\":\"https:\/\/apiedinudiasd.it\/public\/\",\"name\":\"A Piedi Nudi - Associazione Sportiva Dilettantistica e Culturale\",\"description\":\"Associazione Sportiva Dilettantistica e Culturale\",\"publisher\":{\"@id\":\"https:\/\/apiedinudiasd.it\/public\/#organization\"},\"potentialAction\":[{\"@type\":\"SearchAction\",\"target\":\"https:\/\/apiedinudiasd.it\/public\/?s={search_term_string}\",\"query-input\":\"required name=search_term_string\"}],\"inLanguage\":\"it-IT\"},{\"@type\":\"ImageObject\",\"@id\":\"https:\/\/apiedinudiasd.it\/public\/donne-geniali-sulla-linea-del-tempo\/#primaryimage\",\"inLanguage\":\"it-IT\",\"url\":\"https:\/\/apiedinudiasd.it\/public\/wp-content\/uploads\/2020\/11\/lesorelledimozart_immagini-e1605039211112.png\",\"width\":575,\"height\":383,\"caption\":\"Le sorelle di Mozart\"},{\"@type\":\"WebPage\",\"@id\":\"https:\/\/apiedinudiasd.it\/public\/donne-geniali-sulla-linea-del-tempo\/#webpage\",\"url\":\"https:\/\/apiedinudiasd.it\/public\/donne-geniali-sulla-linea-del-tempo\/\",\"name\":\"Donne geniali sulla linea del tempo - A Piedi Nudi\",\"isPartOf\":{\"@id\":\"https:\/\/apiedinudiasd.it\/public\/#website\"},\"primaryImageOfPage\":{\"@id\":\"https:\/\/apiedinudiasd.it\/public\/donne-geniali-sulla-linea-del-tempo\/#primaryimage\"},\"datePublished\":\"2020-11-10T20:14:33+00:00\",\"dateModified\":\"2020-11-10T20:14:35+00:00\",\"inLanguage\":\"it-IT\",\"potentialAction\":[{\"@type\":\"ReadAction\",\"target\":[\"https:\/\/apiedinudiasd.it\/public\/donne-geniali-sulla-linea-del-tempo\/\"]}]},{\"@type\":\"Article\",\"@id\":\"https:\/\/apiedinudiasd.it\/public\/donne-geniali-sulla-linea-del-tempo\/#article\",\"isPartOf\":{\"@id\":\"https:\/\/apiedinudiasd.it\/public\/donne-geniali-sulla-linea-del-tempo\/#webpage\"},\"author\":{\"@id\":\"https:\/\/apiedinudiasd.it\/public\/#\/schema\/person\/daa372a8e8bfcd75f5c2c566ff03d6aa\"},\"headline\":\"Donne geniali sulla linea del tempo\",\"datePublished\":\"2020-11-10T20:14:33+00:00\",\"dateModified\":\"2020-11-10T20:14:35+00:00\",\"mainEntityOfPage\":{\"@id\":\"https:\/\/apiedinudiasd.it\/public\/donne-geniali-sulla-linea-del-tempo\/#webpage\"},\"publisher\":{\"@id\":\"https:\/\/apiedinudiasd.it\/public\/#organization\"},\"image\":{\"@id\":\"https:\/\/apiedinudiasd.it\/public\/donne-geniali-sulla-linea-del-tempo\/#primaryimage\"},\"articleSection\":\"lo sapevi che ...\",\"inLanguage\":\"it-IT\"},{\"@type\":\"Person\",\"@id\":\"https:\/\/apiedinudiasd.it\/public\/#\/schema\/person\/daa372a8e8bfcd75f5c2c566ff03d6aa\",\"name\":\"Carlotta Viti\",\"image\":{\"@type\":\"ImageObject\",\"@id\":\"https:\/\/apiedinudiasd.it\/public\/#personlogo\",\"inLanguage\":\"it-IT\",\"url\":\"https:\/\/secure.gravatar.com\/avatar\/ec78a7a6e03a19016319306bfb2ae70e?s=96&d=mm&r=g\",\"caption\":\"Carlotta Viti\"},\"sameAs\":[\"http:\/\/www.studiofisioterapicoviti.it\"]}]}<\/script>\n<!-- \/ Yoast SEO plugin. -->","_links":{"self":[{"href":"https:\/\/apiedinudiasd.it\/public\/wp-json\/wp\/v2\/posts\/358"}],"collection":[{"href":"https:\/\/apiedinudiasd.it\/public\/wp-json\/wp\/v2\/posts"}],"about":[{"href":"https:\/\/apiedinudiasd.it\/public\/wp-json\/wp\/v2\/types\/post"}],"author":[{"embeddable":true,"href":"https:\/\/apiedinudiasd.it\/public\/wp-json\/wp\/v2\/users\/2"}],"replies":[{"embeddable":true,"href":"https:\/\/apiedinudiasd.it\/public\/wp-json\/wp\/v2\/comments?post=358"}],"version-history":[{"count":1,"href":"https:\/\/apiedinudiasd.it\/public\/wp-json\/wp\/v2\/posts\/358\/revisions"}],"predecessor-version":[{"id":359,"href":"https:\/\/apiedinudiasd.it\/public\/wp-json\/wp\/v2\/posts\/358\/revisions\/359"}],"wp:featuredmedia":[{"embeddable":true,"href":"https:\/\/apiedinudiasd.it\/public\/wp-json\/wp\/v2\/media\/360"}],"wp:attachment":[{"href":"https:\/\/apiedinudiasd.it\/public\/wp-json\/wp\/v2\/media?parent=358"}],"wp:term":[{"taxonomy":"category","embeddable":true,"href":"https:\/\/apiedinudiasd.it\/public\/wp-json\/wp\/v2\/categories?post=358"},{"taxonomy":"post_tag","embeddable":true,"href":"https:\/\/apiedinudiasd.it\/public\/wp-json\/wp\/v2\/tags?post=358"}],"curies":[{"name":"wp","href":"https:\/\/api.w.org\/{rel}","templated":true}]}}