{"id":473,"date":"2020-12-16T13:34:03","date_gmt":"2020-12-16T12:34:03","guid":{"rendered":"https:\/\/apiedinudiasd.it\/public\/?p=473"},"modified":"2020-12-31T14:35:43","modified_gmt":"2020-12-31T13:35:43","slug":"la-bellezza-dei-nostri-sogni-una-mostra-fotografica-itenerante","status":"publish","type":"post","link":"https:\/\/apiedinudiasd.it\/public\/la-bellezza-dei-nostri-sogni-una-mostra-fotografica-itenerante\/","title":{"rendered":"\u201cLa bellezza dei nostri sogni\u201d &#8211; una mostra fotografica itenerante"},"content":{"rendered":"\n<p><em>di Fernando De Pieri Vice presidente e responsabile settore paralimpico di Veneto Special Sport<\/em><\/p>\n\n\n\n<p><\/p>\n\n\n\n<p>\u201cLa bellezza dei nostri sogni &#8211; Immagini e storie di un mondo migliore\u201d \u00e8 stata cos\u00ec intitolata la mostra fotografica che ha avuto la sua premiere a Padova presso le scuderie di Palazzo Moroni lo scorso Settembre. I sogni sono, appunto, quelli degli atleti protagonisti di questa&nbsp;mostra fotografica itinerante dedicata allo sport nel mondo della disabilit\u00e0, ideata e realizzata da Veneto Special Sport, dal Centro Universitario Sportivo di Padova e patrocinata dal CIP Veneto.<\/p>\n\n\n\n<p>Il progetto \u00e8 dedicato alle attivit\u00e0 di atleti con disabilit\u00e0 e punta a valorizzare l\u2019impegno straordinario da loro profuso, promuovere l\u2019inclusione sociale e diffondere un messaggio positivo che incentivi le persone con disabilit\u00e0 a dedicarsi alla pratica sportiva come mezzo catartico e di crescita personale. Protagonisti, in particolare, sono Carlotta Bertoli (atletica leggera), Agnese Caon (atletica leggera), Gianluca Cavaliere (hockey su ghiaccio), Francesca Cipelli (atletica leggera), Chiara Coltri (basket in carrozzina), Ren\u00e9 de Silvestro (sci alpino), Maria Andrea Maiale (atletica leggera), Annalisa Rosada (tiro con l\u2019arco) e Giandomenico Sartor (atletica leggera).<\/p>\n\n\n\n<p>Lo sport non \u00e8 solo fatto di imprese epiche e vittorie straordinarie, il pi\u00f9 delle volte \u00e8 sofferenza e delusione, ogni tanto rabbia: sempre per\u00f2, passione ed emozione, due stati d\u2019animo che i bravi fotografi sono stati in grado di catturare nell\u2019istante migliore.<\/p>\n\n\n\n<p>La mostra non si \u201cesaurir\u00e0\u201d a Padova. Gli organizzatori sono&nbsp;in fase di accordo per portare il progetto &#8211; che sar\u00e0 sviluppato fino alla fine del 2021 \u2013 altre citt\u00e0 tra cui Jesolo e Cortina d\u2019Ampezzo e in tante altre realt\u00e0 che vorranno dare voce e vita a questo meraviglioso viaggio nella forza e nella passione per lo sport.&nbsp;Gli eventi saranno caratterizzati da una \u201cmatrice\u201d che verr\u00e0 replicata in tutti i luoghi, oltre che da peculiarit\u00e0 che verranno sviluppate a seconda della location. La \u201cmatrice\u201d \u00e8 costituita da un\u2019esposizione fotografica e dal racconto delle storie, di particolare rilevanza, che riguardano il vissuto degli atleti con disabilit\u00e0 di cui avete potuto vedere un estratto.&nbsp;<\/p>\n\n\n\n<figure class=\"wp-block-gallery columns-3 is-cropped\"><ul class=\"blocks-gallery-grid\"><li class=\"blocks-gallery-item\"><figure><a href=\"https:\/\/apiedinudiasd.it\/public\/wp-content\/uploads\/2020\/12\/Gianluca-Cavaliere.png\"><img loading=\"lazy\" width=\"683\" height=\"1024\" src=\"https:\/\/apiedinudiasd.it\/public\/wp-content\/uploads\/2020\/12\/Gianluca-Cavaliere-683x1024.png\" alt=\"Gianluca Cavaliere\" data-id=\"491\" data-full-url=\"https:\/\/apiedinudiasd.it\/public\/wp-content\/uploads\/2020\/12\/Gianluca-Cavaliere.png\" data-link=\"https:\/\/apiedinudiasd.it\/public\/gianluca-cavaliere\/\" class=\"wp-image-491\" srcset=\"https:\/\/apiedinudiasd.it\/public\/wp-content\/uploads\/2020\/12\/Gianluca-Cavaliere-683x1024.png 683w, https:\/\/apiedinudiasd.it\/public\/wp-content\/uploads\/2020\/12\/Gianluca-Cavaliere-200x300.png 200w, https:\/\/apiedinudiasd.it\/public\/wp-content\/uploads\/2020\/12\/Gianluca-Cavaliere-100x150.png 100w, https:\/\/apiedinudiasd.it\/public\/wp-content\/uploads\/2020\/12\/Gianluca-Cavaliere-768x1152.png 768w, https:\/\/apiedinudiasd.it\/public\/wp-content\/uploads\/2020\/12\/Gianluca-Cavaliere-1024x1536.png 1024w, https:\/\/apiedinudiasd.it\/public\/wp-content\/uploads\/2020\/12\/Gianluca-Cavaliere-1366x2048.png 1366w, https:\/\/apiedinudiasd.it\/public\/wp-content\/uploads\/2020\/12\/Gianluca-Cavaliere.png 1667w\" sizes=\"(max-width: 683px) 100vw, 683px\" \/><\/a><\/figure><\/li><li class=\"blocks-gallery-item\"><figure><a href=\"https:\/\/apiedinudiasd.it\/public\/wp-content\/uploads\/2020\/12\/Giandomenico-Sartor.png\"><img loading=\"lazy\" width=\"683\" height=\"1024\" src=\"https:\/\/apiedinudiasd.it\/public\/wp-content\/uploads\/2020\/12\/Giandomenico-Sartor-683x1024.png\" alt=\"Giandomenico Sartor\" data-id=\"490\" data-full-url=\"https:\/\/apiedinudiasd.it\/public\/wp-content\/uploads\/2020\/12\/Giandomenico-Sartor.png\" data-link=\"https:\/\/apiedinudiasd.it\/public\/giandomenico-sartor\/\" class=\"wp-image-490\" srcset=\"https:\/\/apiedinudiasd.it\/public\/wp-content\/uploads\/2020\/12\/Giandomenico-Sartor-683x1024.png 683w, https:\/\/apiedinudiasd.it\/public\/wp-content\/uploads\/2020\/12\/Giandomenico-Sartor-200x300.png 200w, https:\/\/apiedinudiasd.it\/public\/wp-content\/uploads\/2020\/12\/Giandomenico-Sartor-100x150.png 100w, https:\/\/apiedinudiasd.it\/public\/wp-content\/uploads\/2020\/12\/Giandomenico-Sartor-768x1152.png 768w, https:\/\/apiedinudiasd.it\/public\/wp-content\/uploads\/2020\/12\/Giandomenico-Sartor-1024x1536.png 1024w, https:\/\/apiedinudiasd.it\/public\/wp-content\/uploads\/2020\/12\/Giandomenico-Sartor-1366x2048.png 1366w, https:\/\/apiedinudiasd.it\/public\/wp-content\/uploads\/2020\/12\/Giandomenico-Sartor.png 1667w\" sizes=\"(max-width: 683px) 100vw, 683px\" \/><\/a><\/figure><\/li><li class=\"blocks-gallery-item\"><figure><a href=\"https:\/\/apiedinudiasd.it\/public\/wp-content\/uploads\/2020\/12\/Agnese-Caon.png\"><img loading=\"lazy\" width=\"683\" height=\"1024\" src=\"https:\/\/apiedinudiasd.it\/public\/wp-content\/uploads\/2020\/12\/Agnese-Caon-683x1024.png\" alt=\"Agnese Caon\" data-id=\"489\" data-full-url=\"https:\/\/apiedinudiasd.it\/public\/wp-content\/uploads\/2020\/12\/Agnese-Caon.png\" data-link=\"https:\/\/apiedinudiasd.it\/public\/agnese-caon\/\" class=\"wp-image-489\" srcset=\"https:\/\/apiedinudiasd.it\/public\/wp-content\/uploads\/2020\/12\/Agnese-Caon-683x1024.png 683w, https:\/\/apiedinudiasd.it\/public\/wp-content\/uploads\/2020\/12\/Agnese-Caon-200x300.png 200w, https:\/\/apiedinudiasd.it\/public\/wp-content\/uploads\/2020\/12\/Agnese-Caon-100x150.png 100w, https:\/\/apiedinudiasd.it\/public\/wp-content\/uploads\/2020\/12\/Agnese-Caon-768x1152.png 768w, https:\/\/apiedinudiasd.it\/public\/wp-content\/uploads\/2020\/12\/Agnese-Caon-1024x1536.png 1024w, https:\/\/apiedinudiasd.it\/public\/wp-content\/uploads\/2020\/12\/Agnese-Caon-1366x2048.png 1366w, https:\/\/apiedinudiasd.it\/public\/wp-content\/uploads\/2020\/12\/Agnese-Caon.png 1667w\" sizes=\"(max-width: 683px) 100vw, 683px\" \/><\/a><\/figure><\/li><li class=\"blocks-gallery-item\"><figure><a href=\"https:\/\/apiedinudiasd.it\/public\/wp-content\/uploads\/2020\/12\/Tennis-Carrozzina-\u220f-ABoscato-1-scaled.jpg\"><img loading=\"lazy\" width=\"1024\" height=\"683\" src=\"https:\/\/apiedinudiasd.it\/public\/wp-content\/uploads\/2020\/12\/Tennis-Carrozzina-\u220f-ABoscato-1-1024x683.jpg\" alt=\"Tennis Carrozzina\" data-id=\"484\" data-full-url=\"https:\/\/apiedinudiasd.it\/public\/wp-content\/uploads\/2020\/12\/Tennis-Carrozzina-\u220f-ABoscato-1-scaled.jpg\" data-link=\"https:\/\/apiedinudiasd.it\/public\/tennis-carrozzina-%e2%88%8f-aboscato-1\/\" class=\"wp-image-484\" srcset=\"https:\/\/apiedinudiasd.it\/public\/wp-content\/uploads\/2020\/12\/Tennis-Carrozzina-\u220f-ABoscato-1-1024x683.jpg 1024w, https:\/\/apiedinudiasd.it\/public\/wp-content\/uploads\/2020\/12\/Tennis-Carrozzina-\u220f-ABoscato-1-300x200.jpg 300w, https:\/\/apiedinudiasd.it\/public\/wp-content\/uploads\/2020\/12\/Tennis-Carrozzina-\u220f-ABoscato-1-150x100.jpg 150w, https:\/\/apiedinudiasd.it\/public\/wp-content\/uploads\/2020\/12\/Tennis-Carrozzina-\u220f-ABoscato-1-768x512.jpg 768w, https:\/\/apiedinudiasd.it\/public\/wp-content\/uploads\/2020\/12\/Tennis-Carrozzina-\u220f-ABoscato-1-1536x1024.jpg 1536w, https:\/\/apiedinudiasd.it\/public\/wp-content\/uploads\/2020\/12\/Tennis-Carrozzina-\u220f-ABoscato-1-2048x1366.jpg 2048w\" sizes=\"(max-width: 1024px) 100vw, 1024px\" \/><\/a><\/figure><\/li><li class=\"blocks-gallery-item\"><figure><a href=\"https:\/\/apiedinudiasd.it\/public\/wp-content\/uploads\/2020\/12\/scuola-di-Karate-\u220f-ABoscato-2-scaled.jpg\"><img loading=\"lazy\" width=\"1024\" height=\"683\" src=\"https:\/\/apiedinudiasd.it\/public\/wp-content\/uploads\/2020\/12\/scuola-di-Karate-\u220f-ABoscato-2-1024x683.jpg\" alt=\"scuola di Karate\" data-id=\"483\" data-full-url=\"https:\/\/apiedinudiasd.it\/public\/wp-content\/uploads\/2020\/12\/scuola-di-Karate-\u220f-ABoscato-2-scaled.jpg\" data-link=\"https:\/\/apiedinudiasd.it\/public\/scuola-di-karate-%e2%88%8f-aboscato-2\/\" class=\"wp-image-483\" srcset=\"https:\/\/apiedinudiasd.it\/public\/wp-content\/uploads\/2020\/12\/scuola-di-Karate-\u220f-ABoscato-2-1024x683.jpg 1024w, https:\/\/apiedinudiasd.it\/public\/wp-content\/uploads\/2020\/12\/scuola-di-Karate-\u220f-ABoscato-2-300x200.jpg 300w, https:\/\/apiedinudiasd.it\/public\/wp-content\/uploads\/2020\/12\/scuola-di-Karate-\u220f-ABoscato-2-150x100.jpg 150w, https:\/\/apiedinudiasd.it\/public\/wp-content\/uploads\/2020\/12\/scuola-di-Karate-\u220f-ABoscato-2-768x512.jpg 768w, https:\/\/apiedinudiasd.it\/public\/wp-content\/uploads\/2020\/12\/scuola-di-Karate-\u220f-ABoscato-2-1536x1024.jpg 1536w, https:\/\/apiedinudiasd.it\/public\/wp-content\/uploads\/2020\/12\/scuola-di-Karate-\u220f-ABoscato-2-2048x1366.jpg 2048w\" sizes=\"(max-width: 1024px) 100vw, 1024px\" \/><\/a><\/figure><\/li><li class=\"blocks-gallery-item\"><figure><a href=\"https:\/\/apiedinudiasd.it\/public\/wp-content\/uploads\/2020\/12\/Calcio-Amputati-\u220f-ABoscato-3-scaled.jpg\"><img loading=\"lazy\" width=\"1024\" height=\"682\" src=\"https:\/\/apiedinudiasd.it\/public\/wp-content\/uploads\/2020\/12\/Calcio-Amputati-\u220f-ABoscato-3-1024x682.jpg\" alt=\"Calcio Amputati\" data-id=\"480\" data-full-url=\"https:\/\/apiedinudiasd.it\/public\/wp-content\/uploads\/2020\/12\/Calcio-Amputati-\u220f-ABoscato-3-scaled.jpg\" data-link=\"https:\/\/apiedinudiasd.it\/public\/calcio-amputati-%e2%88%8f-aboscato-3\/\" class=\"wp-image-480\" srcset=\"https:\/\/apiedinudiasd.it\/public\/wp-content\/uploads\/2020\/12\/Calcio-Amputati-\u220f-ABoscato-3-1024x682.jpg 1024w, https:\/\/apiedinudiasd.it\/public\/wp-content\/uploads\/2020\/12\/Calcio-Amputati-\u220f-ABoscato-3-300x200.jpg 300w, https:\/\/apiedinudiasd.it\/public\/wp-content\/uploads\/2020\/12\/Calcio-Amputati-\u220f-ABoscato-3-150x100.jpg 150w, https:\/\/apiedinudiasd.it\/public\/wp-content\/uploads\/2020\/12\/Calcio-Amputati-\u220f-ABoscato-3-768x512.jpg 768w, https:\/\/apiedinudiasd.it\/public\/wp-content\/uploads\/2020\/12\/Calcio-Amputati-\u220f-ABoscato-3-1536x1024.jpg 1536w, https:\/\/apiedinudiasd.it\/public\/wp-content\/uploads\/2020\/12\/Calcio-Amputati-\u220f-ABoscato-3-2048x1365.jpg 2048w\" sizes=\"(max-width: 1024px) 100vw, 1024px\" \/><\/a><\/figure><\/li><li class=\"blocks-gallery-item\"><figure><a href=\"https:\/\/apiedinudiasd.it\/public\/wp-content\/uploads\/2020\/12\/Ballo-\u220fABoscato-2-scaled.jpg\"><img loading=\"lazy\" width=\"1024\" height=\"683\" src=\"https:\/\/apiedinudiasd.it\/public\/wp-content\/uploads\/2020\/12\/Ballo-\u220fABoscato-2-1024x683.jpg\" alt=\"Ballo\" data-id=\"479\" data-full-url=\"https:\/\/apiedinudiasd.it\/public\/wp-content\/uploads\/2020\/12\/Ballo-\u220fABoscato-2-scaled.jpg\" data-link=\"https:\/\/apiedinudiasd.it\/public\/ballo-%e2%88%8faboscato-2\/\" class=\"wp-image-479\" srcset=\"https:\/\/apiedinudiasd.it\/public\/wp-content\/uploads\/2020\/12\/Ballo-\u220fABoscato-2-1024x683.jpg 1024w, https:\/\/apiedinudiasd.it\/public\/wp-content\/uploads\/2020\/12\/Ballo-\u220fABoscato-2-300x200.jpg 300w, https:\/\/apiedinudiasd.it\/public\/wp-content\/uploads\/2020\/12\/Ballo-\u220fABoscato-2-150x100.jpg 150w, https:\/\/apiedinudiasd.it\/public\/wp-content\/uploads\/2020\/12\/Ballo-\u220fABoscato-2-768x512.jpg 768w, https:\/\/apiedinudiasd.it\/public\/wp-content\/uploads\/2020\/12\/Ballo-\u220fABoscato-2-1536x1024.jpg 1536w, https:\/\/apiedinudiasd.it\/public\/wp-content\/uploads\/2020\/12\/Ballo-\u220fABoscato-2-2048x1366.jpg 2048w\" sizes=\"(max-width: 1024px) 100vw, 1024px\" \/><\/a><\/figure><\/li><li class=\"blocks-gallery-item\"><figure><a href=\"https:\/\/apiedinudiasd.it\/public\/wp-content\/uploads\/2020\/12\/Atletica-\u220fABoscato-18-scaled.jpg\"><img loading=\"lazy\" width=\"1024\" height=\"683\" src=\"https:\/\/apiedinudiasd.it\/public\/wp-content\/uploads\/2020\/12\/Atletica-\u220fABoscato-18-1024x683.jpg\" alt=\"Atletica\" data-id=\"478\" data-full-url=\"https:\/\/apiedinudiasd.it\/public\/wp-content\/uploads\/2020\/12\/Atletica-\u220fABoscato-18-scaled.jpg\" data-link=\"https:\/\/apiedinudiasd.it\/public\/atletica-%e2%88%8faboscato-18\/\" class=\"wp-image-478\" srcset=\"https:\/\/apiedinudiasd.it\/public\/wp-content\/uploads\/2020\/12\/Atletica-\u220fABoscato-18-1024x683.jpg 1024w, https:\/\/apiedinudiasd.it\/public\/wp-content\/uploads\/2020\/12\/Atletica-\u220fABoscato-18-300x200.jpg 300w, https:\/\/apiedinudiasd.it\/public\/wp-content\/uploads\/2020\/12\/Atletica-\u220fABoscato-18-150x100.jpg 150w, https:\/\/apiedinudiasd.it\/public\/wp-content\/uploads\/2020\/12\/Atletica-\u220fABoscato-18-768x512.jpg 768w, https:\/\/apiedinudiasd.it\/public\/wp-content\/uploads\/2020\/12\/Atletica-\u220fABoscato-18-1536x1024.jpg 1536w, https:\/\/apiedinudiasd.it\/public\/wp-content\/uploads\/2020\/12\/Atletica-\u220fABoscato-18-2048x1366.jpg 2048w\" sizes=\"(max-width: 1024px) 100vw, 1024px\" \/><\/a><\/figure><\/li><li class=\"blocks-gallery-item\"><figure><a href=\"https:\/\/apiedinudiasd.it\/public\/wp-content\/uploads\/2020\/12\/DSF6135aa-copia-scaled.jpg\"><img loading=\"lazy\" width=\"1024\" height=\"683\" src=\"https:\/\/apiedinudiasd.it\/public\/wp-content\/uploads\/2020\/12\/DSF6135aa-copia-1024x683.jpg\" alt=\"bicicletta\" data-id=\"476\" data-full-url=\"https:\/\/apiedinudiasd.it\/public\/wp-content\/uploads\/2020\/12\/DSF6135aa-copia-scaled.jpg\" data-link=\"https:\/\/apiedinudiasd.it\/public\/_dsf6135aa-copia\/\" class=\"wp-image-476\" srcset=\"https:\/\/apiedinudiasd.it\/public\/wp-content\/uploads\/2020\/12\/DSF6135aa-copia-1024x683.jpg 1024w, https:\/\/apiedinudiasd.it\/public\/wp-content\/uploads\/2020\/12\/DSF6135aa-copia-300x200.jpg 300w, https:\/\/apiedinudiasd.it\/public\/wp-content\/uploads\/2020\/12\/DSF6135aa-copia-150x100.jpg 150w, https:\/\/apiedinudiasd.it\/public\/wp-content\/uploads\/2020\/12\/DSF6135aa-copia-768x512.jpg 768w, https:\/\/apiedinudiasd.it\/public\/wp-content\/uploads\/2020\/12\/DSF6135aa-copia-1536x1024.jpg 1536w, https:\/\/apiedinudiasd.it\/public\/wp-content\/uploads\/2020\/12\/DSF6135aa-copia-2048x1365.jpg 2048w\" sizes=\"(max-width: 1024px) 100vw, 1024px\" \/><\/a><\/figure><\/li><\/ul><\/figure>\n","protected":false},"excerpt":{"rendered":"<p>di Fernando De Pieri Vice presidente e responsabile settore paralimpico di Veneto Special Sport \u201cLa bellezza dei nostri sogni &#8211; Immagini e storie di un mondo migliore\u201d \u00e8 stata cos\u00ec intitolata la mostra fotografica che ha avuto la sua premiere a Padova presso le scuderie di Palazzo Moroni lo scorso Settembre. I sogni sono, appunto, [&hellip;]<\/p>\n","protected":false},"author":8,"featured_media":626,"comment_status":"closed","ping_status":"open","sticky":false,"template":"","format":"standard","meta":{"_FSMCFIC_featured_image_caption":"","_FSMCFIC_featured_image_nocaption":"","_FSMCFIC_featured_image_hide":""},"categories":[5],"tags":[],"yoast_head":"<!-- This site is optimized with the Yoast SEO plugin v15.5 - https:\/\/yoast.com\/wordpress\/plugins\/seo\/ -->\n<title>\u201cLa bellezza dei nostri sogni\u201d - una mostra fotografica itenerante - A Piedi Nudi<\/title>\n<meta name=\"robots\" content=\"index, follow, max-snippet:-1, max-image-preview:large, max-video-preview:-1\" \/>\n<link rel=\"canonical\" href=\"https:\/\/apiedinudiasd.it\/public\/la-bellezza-dei-nostri-sogni-una-mostra-fotografica-itenerante\/\" \/>\n<meta property=\"og:locale\" content=\"it_IT\" \/>\n<meta property=\"og:type\" content=\"article\" \/>\n<meta property=\"og:title\" content=\"\u201cLa bellezza dei nostri sogni\u201d - una mostra fotografica itenerante - A Piedi Nudi\" \/>\n<meta property=\"og:description\" content=\"di Fernando De Pieri Vice presidente e responsabile settore paralimpico di Veneto Special Sport \u201cLa bellezza dei nostri sogni &#8211; Immagini e storie di un mondo migliore\u201d \u00e8 stata cos\u00ec intitolata la mostra fotografica che ha avuto la sua premiere a Padova presso le scuderie di Palazzo Moroni lo scorso Settembre. I sogni sono, appunto, [&hellip;]\" \/>\n<meta property=\"og:url\" content=\"https:\/\/apiedinudiasd.it\/public\/la-bellezza-dei-nostri-sogni-una-mostra-fotografica-itenerante\/\" \/>\n<meta property=\"og:site_name\" content=\"A Piedi Nudi\" \/>\n<meta property=\"article:publisher\" content=\"https:\/\/www.facebook.com\/asdapiedinudi\/\" \/>\n<meta property=\"article:published_time\" content=\"2020-12-16T12:34:03+00:00\" \/>\n<meta property=\"article:modified_time\" content=\"2020-12-31T13:35:43+00:00\" \/>\n<meta property=\"og:image\" content=\"https:\/\/apiedinudiasd.it\/public\/wp-content\/uploads\/2020\/12\/Sport-e-disabilita-e1609407699848.png\" \/>\n\t<meta property=\"og:image:width\" content=\"575\" \/>\n\t<meta property=\"og:image:height\" content=\"339\" \/>\n<meta name=\"twitter:card\" content=\"summary_large_image\" \/>\n<meta name=\"twitter:label1\" content=\"Tempo di lettura stimato\">\n\t<meta name=\"twitter:data1\" content=\"1 minuto\">\n<script type=\"application\/ld+json\" class=\"yoast-schema-graph\">{\"@context\":\"https:\/\/schema.org\",\"@graph\":[{\"@type\":\"Organization\",\"@id\":\"https:\/\/apiedinudiasd.it\/public\/#organization\",\"name\":\"A Piedi Nudi \\u2013 Associazione Sportiva Dilettantistica e Culturale\",\"url\":\"https:\/\/apiedinudiasd.it\/public\/\",\"sameAs\":[\"https:\/\/www.facebook.com\/asdapiedinudi\/\"],\"logo\":{\"@type\":\"ImageObject\",\"@id\":\"https:\/\/apiedinudiasd.it\/public\/#logo\",\"inLanguage\":\"it-IT\",\"url\":\"https:\/\/apiedinudiasd.it\/public\/wp-content\/uploads\/2019\/10\/apn2.png\",\"width\":453,\"height\":514,\"caption\":\"A Piedi Nudi \\u2013 Associazione Sportiva Dilettantistica e Culturale\"},\"image\":{\"@id\":\"https:\/\/apiedinudiasd.it\/public\/#logo\"}},{\"@type\":\"WebSite\",\"@id\":\"https:\/\/apiedinudiasd.it\/public\/#website\",\"url\":\"https:\/\/apiedinudiasd.it\/public\/\",\"name\":\"A Piedi Nudi - Associazione Sportiva Dilettantistica e Culturale\",\"description\":\"Associazione Sportiva Dilettantistica e Culturale\",\"publisher\":{\"@id\":\"https:\/\/apiedinudiasd.it\/public\/#organization\"},\"potentialAction\":[{\"@type\":\"SearchAction\",\"target\":\"https:\/\/apiedinudiasd.it\/public\/?s={search_term_string}\",\"query-input\":\"required name=search_term_string\"}],\"inLanguage\":\"it-IT\"},{\"@type\":\"ImageObject\",\"@id\":\"https:\/\/apiedinudiasd.it\/public\/la-bellezza-dei-nostri-sogni-una-mostra-fotografica-itenerante\/#primaryimage\",\"inLanguage\":\"it-IT\",\"url\":\"https:\/\/apiedinudiasd.it\/public\/wp-content\/uploads\/2020\/12\/Sport-e-disabilita-e1609407699848.png\",\"width\":575,\"height\":339,\"caption\":\"La bellezza dei nostri sogni\"},{\"@type\":\"WebPage\",\"@id\":\"https:\/\/apiedinudiasd.it\/public\/la-bellezza-dei-nostri-sogni-una-mostra-fotografica-itenerante\/#webpage\",\"url\":\"https:\/\/apiedinudiasd.it\/public\/la-bellezza-dei-nostri-sogni-una-mostra-fotografica-itenerante\/\",\"name\":\"\\u201cLa bellezza dei nostri sogni\\u201d - una mostra fotografica itenerante - A Piedi Nudi\",\"isPartOf\":{\"@id\":\"https:\/\/apiedinudiasd.it\/public\/#website\"},\"primaryImageOfPage\":{\"@id\":\"https:\/\/apiedinudiasd.it\/public\/la-bellezza-dei-nostri-sogni-una-mostra-fotografica-itenerante\/#primaryimage\"},\"datePublished\":\"2020-12-16T12:34:03+00:00\",\"dateModified\":\"2020-12-31T13:35:43+00:00\",\"inLanguage\":\"it-IT\",\"potentialAction\":[{\"@type\":\"ReadAction\",\"target\":[\"https:\/\/apiedinudiasd.it\/public\/la-bellezza-dei-nostri-sogni-una-mostra-fotografica-itenerante\/\"]}]},{\"@type\":\"Article\",\"@id\":\"https:\/\/apiedinudiasd.it\/public\/la-bellezza-dei-nostri-sogni-una-mostra-fotografica-itenerante\/#article\",\"isPartOf\":{\"@id\":\"https:\/\/apiedinudiasd.it\/public\/la-bellezza-dei-nostri-sogni-una-mostra-fotografica-itenerante\/#webpage\"},\"author\":{\"@id\":\"https:\/\/apiedinudiasd.it\/public\/#\/schema\/person\/00cba41015202c546e1842e1448c4dc0\"},\"headline\":\"\\u201cLa bellezza dei nostri sogni\\u201d &#8211; una mostra fotografica itenerante\",\"datePublished\":\"2020-12-16T12:34:03+00:00\",\"dateModified\":\"2020-12-31T13:35:43+00:00\",\"mainEntityOfPage\":{\"@id\":\"https:\/\/apiedinudiasd.it\/public\/la-bellezza-dei-nostri-sogni-una-mostra-fotografica-itenerante\/#webpage\"},\"publisher\":{\"@id\":\"https:\/\/apiedinudiasd.it\/public\/#organization\"},\"image\":{\"@id\":\"https:\/\/apiedinudiasd.it\/public\/la-bellezza-dei-nostri-sogni-una-mostra-fotografica-itenerante\/#primaryimage\"},\"articleSection\":\"voci fuori campo\",\"inLanguage\":\"it-IT\"},{\"@type\":\"Person\",\"@id\":\"https:\/\/apiedinudiasd.it\/public\/#\/schema\/person\/00cba41015202c546e1842e1448c4dc0\",\"name\":\"Autore Ospite\",\"image\":{\"@type\":\"ImageObject\",\"@id\":\"https:\/\/apiedinudiasd.it\/public\/#personlogo\",\"inLanguage\":\"it-IT\",\"url\":\"https:\/\/secure.gravatar.com\/avatar\/a88d492bfef4702fc26c670e8d5a4307?s=96&d=mm&r=g\",\"caption\":\"Autore Ospite\"}}]}<\/script>\n<!-- \/ Yoast SEO plugin. -->","_links":{"self":[{"href":"https:\/\/apiedinudiasd.it\/public\/wp-json\/wp\/v2\/posts\/473"}],"collection":[{"href":"https:\/\/apiedinudiasd.it\/public\/wp-json\/wp\/v2\/posts"}],"about":[{"href":"https:\/\/apiedinudiasd.it\/public\/wp-json\/wp\/v2\/types\/post"}],"author":[{"embeddable":true,"href":"https:\/\/apiedinudiasd.it\/public\/wp-json\/wp\/v2\/users\/8"}],"replies":[{"embeddable":true,"href":"https:\/\/apiedinudiasd.it\/public\/wp-json\/wp\/v2\/comments?post=473"}],"version-history":[{"count":4,"href":"https:\/\/apiedinudiasd.it\/public\/wp-json\/wp\/v2\/posts\/473\/revisions"}],"predecessor-version":[{"id":642,"href":"https:\/\/apiedinudiasd.it\/public\/wp-json\/wp\/v2\/posts\/473\/revisions\/642"}],"wp:featuredmedia":[{"embeddable":true,"href":"https:\/\/apiedinudiasd.it\/public\/wp-json\/wp\/v2\/media\/626"}],"wp:attachment":[{"href":"https:\/\/apiedinudiasd.it\/public\/wp-json\/wp\/v2\/media?parent=473"}],"wp:term":[{"taxonomy":"category","embeddable":true,"href":"https:\/\/apiedinudiasd.it\/public\/wp-json\/wp\/v2\/categories?post=473"},{"taxonomy":"post_tag","embeddable":true,"href":"https:\/\/apiedinudiasd.it\/public\/wp-json\/wp\/v2\/tags?post=473"}],"curies":[{"name":"wp","href":"https:\/\/api.w.org\/{rel}","templated":true}]}}