{"id":501,"date":"2020-12-16T13:54:48","date_gmt":"2020-12-16T12:54:48","guid":{"rendered":"https:\/\/apiedinudiasd.it\/public\/?p=501"},"modified":"2020-12-31T10:48:02","modified_gmt":"2020-12-31T09:48:02","slug":"lo-yoga-nellapnea","status":"publish","type":"post","link":"https:\/\/apiedinudiasd.it\/public\/lo-yoga-nellapnea\/","title":{"rendered":"Lo Yoga nell\u2019apnea"},"content":{"rendered":"\n<p><em>di Debora Testi &#8211; Insegnante di Yoga<\/em><\/p>\n\n\n\n<p><\/p>\n\n\n\n<p>La parola apnea deriva dal greco<strong>&nbsp;\u03ac\u03c0\u03bd\u03bf\u03b9\u03b1<\/strong>, &#8220;calma&#8221;, &#8220;assenza di respiro&#8221;. La parola Yoga deriva dalla radice sanscrita \u00abYug\u00bb che significa unire, legare assieme, soggiogare, dirigere e concentrare l&#8217;attenzione, usare ed applicare. Significa anche unione o comunione.<br>Significa anche&nbsp;unione in perfetto equilibrio&nbsp;di tutte le componenti del nostro essere: corpo, mente, spirito.<br>Significa inoltre disciplinare l&#8217;intelletto, la mente, le emozioni, la volont\u00e0, condizioni presupposte dallo Yoga; significa equilibrio dell&#8217;anima che rende capaci di guardare alla vita con equanimit\u00e0 in tutti i suoi aspetti\u00bb.<br>La parola Yoga fu usata in India fin dall&#8217;epoca vedica nel senso proprio di &#8220;controllo della mente e dei sensi&#8221;.<\/p>\n\n\n\n<p>Lo&nbsp;<strong>yoga per apnea&nbsp;<\/strong>unisce le tecniche di respirazione di una disciplina millenaria dette \u201cpranayama\u201d al training per l&#8217;immersione. Ormai si sa che la pratica yogica crea accesso ad antri profondi di noi, attraverso l\u2019allungamento e il respiro aiutiamo la mente a mantenersi in un\u2019attitudine calma dove tutti i sensi sono rivolti all\u2019interno, pratica fondamentale per riuscire nell\u2019apnea.<\/p>\n\n\n\n<p>Inoltre sappiamo che una corretta respirazione \u00e8 alla base della salute fisica e mentale, ma anche di una buona apnea. Tutte le volte che respiriamo nel modo corretto, ogni cellula del nostro corpo si nutre e si rigenera perch\u00e9 gli organi interni vengono massaggiati e tonificati dal movimento del diaframma e della cassa toracica, in quanto un ritmo respiratorio lento e regolare riequilibra il sistema nervoso e dona una ricarica energetica pulita.<\/p>\n\n\n\n<p>Data la mia breve esperienza nell\u2019apnea, ho potuto constatare di persona quanto lo yoga possa essere un valido supporto per migliorare le proprie prestazioni fisiche e mentali per ottenere ottimi risultati durante l\u2019apnea.<\/p>\n\n\n\n<p>Lo yoga propone innumerevoli tecniche di respirazione che aiutano a sbloccare il diaframma e ad espandere la nostra capacit\u00e0 polmonare, oltre a rilassare la mente, ed esercizi molto validi nel preparare il corpo ad essere pi\u00f9 flessibile e forte perch\u00e9 per una buona apnea il corpo deve essere forte e soprattutto flessiblile. Un corpo flessibile \u00e8 anche una mente flessibile!<\/p>\n\n\n\n<p>Durante un percorso di yoga per l\u2019apnea si sperimentano varie tecniche di respirazione yoga dette pranayama accompagnate da posizioni o asana che aiutano a sbloccare i muscoli del torace e della schiena aiutando cos\u00ec le persone a prendere pi\u00f9 consapevolezza del proprio corpo e soprattutto del respiro.<\/p>\n\n\n\n<p>\u201dIl respiro \u00e8 il miglior amico dell&#8217;uomo&#8221;, \u00e8 la manifestazione prima e immediatamente percepibile della vita che si articola in maniera assai flessibile secondo le 4 classiche fasi: inspirazione &#8211; apnea a polmoni pieni, espirazione &#8211; apnea a polmoni vuoti).&nbsp;Una quinta fase, \u00e8 un&#8217;apnea spontanea, una &#8220;sospensione estatica&#8221; che pu\u00f2 avvenire naturalmente durante la meditazione e pu\u00f2 essere il preludio di un grande avanzamento spirituale.<\/p>\n\n\n\n<p>Si sa che per fare una buona apnea \u00e8 necessario rilassarsi, svuotare la mente, saper quindi gestire il pensiero a sopraffare gli istinti che ci spingono a respirare, istinti che all\u2019inizio, s\u2019identificano sempre con limiti mentali. Attraverso la pratica yoga si prende sempre pi\u00f9 consapevolezza di questi limiti per poterli gestire e superare.<\/p>\n","protected":false},"excerpt":{"rendered":"<p>di Debora Testi &#8211; Insegnante di Yoga La parola apnea deriva dal greco&nbsp;\u03ac\u03c0\u03bd\u03bf\u03b9\u03b1, &#8220;calma&#8221;, &#8220;assenza di respiro&#8221;. La parola Yoga deriva dalla radice sanscrita \u00abYug\u00bb che significa unire, legare assieme, soggiogare, dirigere e concentrare l&#8217;attenzione, usare ed applicare. Significa anche unione o comunione.Significa anche&nbsp;unione in perfetto equilibrio&nbsp;di tutte le componenti del nostro essere: corpo, mente, [&hellip;]<\/p>\n","protected":false},"author":8,"featured_media":628,"comment_status":"closed","ping_status":"open","sticky":false,"template":"","format":"standard","meta":{"_FSMCFIC_featured_image_caption":"","_FSMCFIC_featured_image_nocaption":"","_FSMCFIC_featured_image_hide":""},"categories":[4],"tags":[],"yoast_head":"<!-- This site is optimized with the Yoast SEO plugin v15.5 - https:\/\/yoast.com\/wordpress\/plugins\/seo\/ -->\n<title>Lo Yoga nell\u2019apnea - A Piedi Nudi<\/title>\n<meta name=\"robots\" content=\"index, follow, max-snippet:-1, max-image-preview:large, max-video-preview:-1\" \/>\n<link rel=\"canonical\" href=\"https:\/\/apiedinudiasd.it\/public\/lo-yoga-nellapnea\/\" \/>\n<meta property=\"og:locale\" content=\"it_IT\" \/>\n<meta property=\"og:type\" content=\"article\" \/>\n<meta property=\"og:title\" content=\"Lo Yoga nell\u2019apnea - A Piedi Nudi\" \/>\n<meta property=\"og:description\" content=\"di Debora Testi &#8211; Insegnante di Yoga La parola apnea deriva dal greco&nbsp;\u03ac\u03c0\u03bd\u03bf\u03b9\u03b1, &#8220;calma&#8221;, &#8220;assenza di respiro&#8221;. La parola Yoga deriva dalla radice sanscrita \u00abYug\u00bb che significa unire, legare assieme, soggiogare, dirigere e concentrare l&#8217;attenzione, usare ed applicare. Significa anche unione o comunione.Significa anche&nbsp;unione in perfetto equilibrio&nbsp;di tutte le componenti del nostro essere: corpo, mente, [&hellip;]\" \/>\n<meta property=\"og:url\" content=\"https:\/\/apiedinudiasd.it\/public\/lo-yoga-nellapnea\/\" \/>\n<meta property=\"og:site_name\" content=\"A Piedi Nudi\" \/>\n<meta property=\"article:publisher\" content=\"https:\/\/www.facebook.com\/asdapiedinudi\/\" \/>\n<meta property=\"article:published_time\" content=\"2020-12-16T12:54:48+00:00\" \/>\n<meta property=\"article:modified_time\" content=\"2020-12-31T09:48:02+00:00\" \/>\n<meta property=\"og:image\" content=\"https:\/\/apiedinudiasd.it\/public\/wp-content\/uploads\/2020\/12\/Lo-Yoga-nellapnea-e1609408033729.png\" \/>\n\t<meta property=\"og:image:width\" content=\"520\" \/>\n\t<meta property=\"og:image:height\" content=\"307\" \/>\n<meta name=\"twitter:card\" content=\"summary_large_image\" \/>\n<meta name=\"twitter:label1\" content=\"Tempo di lettura stimato\">\n\t<meta name=\"twitter:data1\" content=\"2 minuti\">\n<script type=\"application\/ld+json\" class=\"yoast-schema-graph\">{\"@context\":\"https:\/\/schema.org\",\"@graph\":[{\"@type\":\"Organization\",\"@id\":\"https:\/\/apiedinudiasd.it\/public\/#organization\",\"name\":\"A Piedi Nudi \\u2013 Associazione Sportiva Dilettantistica e Culturale\",\"url\":\"https:\/\/apiedinudiasd.it\/public\/\",\"sameAs\":[\"https:\/\/www.facebook.com\/asdapiedinudi\/\"],\"logo\":{\"@type\":\"ImageObject\",\"@id\":\"https:\/\/apiedinudiasd.it\/public\/#logo\",\"inLanguage\":\"it-IT\",\"url\":\"https:\/\/apiedinudiasd.it\/public\/wp-content\/uploads\/2019\/10\/apn2.png\",\"width\":453,\"height\":514,\"caption\":\"A Piedi Nudi \\u2013 Associazione Sportiva Dilettantistica e Culturale\"},\"image\":{\"@id\":\"https:\/\/apiedinudiasd.it\/public\/#logo\"}},{\"@type\":\"WebSite\",\"@id\":\"https:\/\/apiedinudiasd.it\/public\/#website\",\"url\":\"https:\/\/apiedinudiasd.it\/public\/\",\"name\":\"A Piedi Nudi - Associazione Sportiva Dilettantistica e Culturale\",\"description\":\"Associazione Sportiva Dilettantistica e Culturale\",\"publisher\":{\"@id\":\"https:\/\/apiedinudiasd.it\/public\/#organization\"},\"potentialAction\":[{\"@type\":\"SearchAction\",\"target\":\"https:\/\/apiedinudiasd.it\/public\/?s={search_term_string}\",\"query-input\":\"required name=search_term_string\"}],\"inLanguage\":\"it-IT\"},{\"@type\":\"ImageObject\",\"@id\":\"https:\/\/apiedinudiasd.it\/public\/lo-yoga-nellapnea\/#primaryimage\",\"inLanguage\":\"it-IT\",\"url\":\"https:\/\/apiedinudiasd.it\/public\/wp-content\/uploads\/2020\/12\/Lo-Yoga-nellapnea-e1609408033729.png\",\"width\":520,\"height\":307,\"caption\":\"Lo Yoga nell\\u2019apnea\"},{\"@type\":\"WebPage\",\"@id\":\"https:\/\/apiedinudiasd.it\/public\/lo-yoga-nellapnea\/#webpage\",\"url\":\"https:\/\/apiedinudiasd.it\/public\/lo-yoga-nellapnea\/\",\"name\":\"Lo Yoga nell\\u2019apnea - A Piedi Nudi\",\"isPartOf\":{\"@id\":\"https:\/\/apiedinudiasd.it\/public\/#website\"},\"primaryImageOfPage\":{\"@id\":\"https:\/\/apiedinudiasd.it\/public\/lo-yoga-nellapnea\/#primaryimage\"},\"datePublished\":\"2020-12-16T12:54:48+00:00\",\"dateModified\":\"2020-12-31T09:48:02+00:00\",\"inLanguage\":\"it-IT\",\"potentialAction\":[{\"@type\":\"ReadAction\",\"target\":[\"https:\/\/apiedinudiasd.it\/public\/lo-yoga-nellapnea\/\"]}]},{\"@type\":\"Article\",\"@id\":\"https:\/\/apiedinudiasd.it\/public\/lo-yoga-nellapnea\/#article\",\"isPartOf\":{\"@id\":\"https:\/\/apiedinudiasd.it\/public\/lo-yoga-nellapnea\/#webpage\"},\"author\":{\"@id\":\"https:\/\/apiedinudiasd.it\/public\/#\/schema\/person\/00cba41015202c546e1842e1448c4dc0\"},\"headline\":\"Lo Yoga nell\\u2019apnea\",\"datePublished\":\"2020-12-16T12:54:48+00:00\",\"dateModified\":\"2020-12-31T09:48:02+00:00\",\"mainEntityOfPage\":{\"@id\":\"https:\/\/apiedinudiasd.it\/public\/lo-yoga-nellapnea\/#webpage\"},\"publisher\":{\"@id\":\"https:\/\/apiedinudiasd.it\/public\/#organization\"},\"image\":{\"@id\":\"https:\/\/apiedinudiasd.it\/public\/lo-yoga-nellapnea\/#primaryimage\"},\"articleSection\":\"lo sapevi che ...\",\"inLanguage\":\"it-IT\"},{\"@type\":\"Person\",\"@id\":\"https:\/\/apiedinudiasd.it\/public\/#\/schema\/person\/00cba41015202c546e1842e1448c4dc0\",\"name\":\"Autore Ospite\",\"image\":{\"@type\":\"ImageObject\",\"@id\":\"https:\/\/apiedinudiasd.it\/public\/#personlogo\",\"inLanguage\":\"it-IT\",\"url\":\"https:\/\/secure.gravatar.com\/avatar\/a88d492bfef4702fc26c670e8d5a4307?s=96&d=mm&r=g\",\"caption\":\"Autore Ospite\"}}]}<\/script>\n<!-- \/ Yoast SEO plugin. -->","_links":{"self":[{"href":"https:\/\/apiedinudiasd.it\/public\/wp-json\/wp\/v2\/posts\/501"}],"collection":[{"href":"https:\/\/apiedinudiasd.it\/public\/wp-json\/wp\/v2\/posts"}],"about":[{"href":"https:\/\/apiedinudiasd.it\/public\/wp-json\/wp\/v2\/types\/post"}],"author":[{"embeddable":true,"href":"https:\/\/apiedinudiasd.it\/public\/wp-json\/wp\/v2\/users\/8"}],"replies":[{"embeddable":true,"href":"https:\/\/apiedinudiasd.it\/public\/wp-json\/wp\/v2\/comments?post=501"}],"version-history":[{"count":1,"href":"https:\/\/apiedinudiasd.it\/public\/wp-json\/wp\/v2\/posts\/501\/revisions"}],"predecessor-version":[{"id":502,"href":"https:\/\/apiedinudiasd.it\/public\/wp-json\/wp\/v2\/posts\/501\/revisions\/502"}],"wp:featuredmedia":[{"embeddable":true,"href":"https:\/\/apiedinudiasd.it\/public\/wp-json\/wp\/v2\/media\/628"}],"wp:attachment":[{"href":"https:\/\/apiedinudiasd.it\/public\/wp-json\/wp\/v2\/media?parent=501"}],"wp:term":[{"taxonomy":"category","embeddable":true,"href":"https:\/\/apiedinudiasd.it\/public\/wp-json\/wp\/v2\/categories?post=501"},{"taxonomy":"post_tag","embeddable":true,"href":"https:\/\/apiedinudiasd.it\/public\/wp-json\/wp\/v2\/tags?post=501"}],"curies":[{"name":"wp","href":"https:\/\/api.w.org\/{rel}","templated":true}]}}